{"id":33866,"date":"2022-05-31T12:03:39","date_gmt":"2022-05-31T09:03:39","guid":{"rendered":"https:\/\/editura-unibuc.ro\/?p=33866"},"modified":"2022-08-29T17:33:09","modified_gmt":"2022-08-29T14:33:09","slug":"editura-universitatii-din-bucuresti-bucharest-university-press-revine-la-cea-de-a-xv-a-editie-a-salonului-international-de-carte-bookfest","status":"publish","type":"post","link":"https:\/\/editura-unibuc.ro\/en\/editura-universitatii-din-bucuresti-bucharest-university-press-revine-la-cea-de-a-xv-a-editie-a-salonului-international-de-carte-bookfest\/","title":{"rendered":"Editura Universit\u0103\u021bii din Bucure\u0219ti \u2013 Bucharest University Press revine la cea de-a XV-a edi\u021bie a Salonului Interna\u021bional de Carte \u201eBookfest\u201d"},"content":{"rendered":"<p><strong>\u00cen perioada 1-5 iunie 2022, <\/strong><em>Editura Universit\u0103\u021bii din Bucure\u0219ti \u2013 Bucharest University<\/em> <em>Press <\/em>va participa la cea de-<strong>a XV-a edi\u021bie a <\/strong><a href=\"https:\/\/bookfest.ro\/\"><strong>Salonului Interna\u021bional de Carte \u201eBookfest\u201d<\/strong> <\/a>\u00a0expun\u00e2nd titluri din diverse domenii \u0219i av\u00e2nd planificate \u0219i c\u00e2teva lans\u0103ri ale unor volume de mare interes pentru public.<\/p>\n<p>Dup\u0103 o pauz\u0103 de doi ani, ca urmare a restric\u021biilor impuse de pandemie, evenimentul se va desf\u0103\u0219ura \u00een format fizic, la Romexpo <em>(Bulevardul M\u0103r\u0103\u0219ti 65-67, Sector 1, Bucure\u0219ti, \u00een pavilionul B2)<\/em>.<\/p>\n<p><strong>Standul <em>Editurii Universit\u0103\u021bii din Bucure\u0219ti<\/em><\/strong> <strong>\u2013 <em>Bucharest University Press<\/em><\/strong> va fi <strong>B17<\/strong>. Volumele care vor avea parte de lans\u0103ri, put\u00e2nd fi \u0219i achizi\u021bionate de publicul larg, sunt: <a href=\"https:\/\/unibuc.ro\/wp-content\/uploads\/2022\/05\/Bancila_Pelerinul.pdf\"><em>Itinerar spiritual: \u201eC\u0103l\u0103toria pelerinului\u201d de John Bunyan \u0219i replica sa modern\u0103, \u201e\u00centoarcerea pelerinului\u201d de C.S. Lewis<\/em><\/a>, autor Maria Yvonne B\u0103ncil\u0103; <a href=\"https:\/\/unibuc.ro\/wp-content\/uploads\/2022\/05\/Eurostudii.pdf\"><em>Eurostudii<\/em><\/a><em>, <\/em>vol. II: <em>O zi cu Europa: unghiuri ale privirii istorice<\/em>, coord. Simona Dr\u0103gan \u0219i Constantin Emil Bucur; <a href=\"https:\/\/unibuc.ro\/wp-content\/uploads\/2022\/05\/Imunologie.pdf\"><em>Imunologie<\/em><\/a>, autori Veronica Laz\u0103r, Carmen Chifiriuc, Alina Holban, Doina Bulai, Duncan Stewart-Tull; <a href=\"https:\/\/unibuc.ro\/wp-content\/uploads\/2022\/05\/NARCIS.pdf\"><em>Istorisire despre Narcis. Lai din secolul al XII-lea<\/em><\/a>, coord. Alexandru M. C\u0103lin, Alexandra Ilina, Hartley Miller; <a href=\"https:\/\/unibuc.ro\/wp-content\/uploads\/2022\/05\/Olimpiada_Lingvistica.pdf\"><em>Olimpiada de Lingvistic\u0103. Ghid de preg\u0103tire<\/em><\/a><em>, <\/em>autor Vlad A. Neac\u0219u, \u0219i <a href=\"https:\/\/unibuc.ro\/wp-content\/uploads\/2022\/05\/Voyages.pdf\"><em>Voyages r\u00e9els, voyages imaginaires: perspectives interdisciplinaires<\/em><\/a>, editori: Simona Corlan Ioan, Lionel Dupuy, Abel Kouvouama, Ecaterina Lung.<\/p>\n<p><center>\n\t\t<style type=\"text\/css\">\n\t\t\t#gallery-1 {\n\t\t\t\tmargin: auto;\n\t\t\t}\n\t\t\t#gallery-1 .gallery-item {\n\t\t\t\tfloat: left;\n\t\t\t\tmargin-top: 10px;\n\t\t\t\ttext-align: center;\n\t\t\t\twidth: 50%;\n\t\t\t}\n\t\t\t#gallery-1 img {\n\t\t\t\tborder: 2px solid #cfcfcf;\n\t\t\t}\n\t\t\t#gallery-1 .gallery-caption {\n\t\t\t\tmargin-left: 0;\n\t\t\t}\n\t\t\t\/* see gallery_shortcode() in wp-includes\/media.php *\/\n\t\t<\/style>\n\t\t<div id='gallery-1' class='gallery galleryid-33866 gallery-columns-2 gallery-size-medium'><dl class='gallery-item'>\n\t\t\t<dt class='gallery-icon landscape'>\n\t\t\t\t<a href='https:\/\/editura-unibuc.ro\/wp-content\/uploads\/2022\/05\/Afise_Generale1.jpg' rel=\"lightbox[33866]\"><img loading=\"lazy\" decoding=\"async\" width=\"400\" height=\"276\" src=\"https:\/\/editura-unibuc.ro\/wp-content\/uploads\/2022\/05\/Afise_Generale1-400x276.jpg\" class=\"attachment-medium size-medium\" alt=\"\" \/><\/a>\n\t\t\t<\/dt><\/dl><dl class='gallery-item'>\n\t\t\t<dt class='gallery-icon landscape'>\n\t\t\t\t<a href='https:\/\/editura-unibuc.ro\/wp-content\/uploads\/2022\/05\/Afise_Generale2.jpg' rel=\"lightbox[33866]\"><img loading=\"lazy\" decoding=\"async\" width=\"400\" height=\"275\" src=\"https:\/\/editura-unibuc.ro\/wp-content\/uploads\/2022\/05\/Afise_Generale2-400x275.jpg\" class=\"attachment-medium size-medium\" alt=\"\" \/><\/a>\n\t\t\t<\/dt><\/dl><br style=\"clear: both\" \/>\n\t\t<\/div>\n<\/center><\/p>\n<p>Fiecare lansare de carte va aduce \u00een fa\u021ba publicului invita\u021bi de marc\u0103, editura preg\u0103tind \u0219i c\u00e2teva surprize.<\/p>\n<p>La aceast\u0103 edi\u021bie a evenimentului, \u021bara invitat\u0103 de onoare va fi Japonia, iar EUB-BUP va organiza, \u00een cadrul standului propriu, \u201ecol\u021bul nipon\u201d.<\/p>\n<p>Intrarea este liber\u0103.<\/p>\n<p>Mai multe informa\u021bii despre edi\u021bia din 2022 a<strong> Salonului Interna\u021bional de Carte \u201eBookfest\u201d<\/strong> pot fi accesate <a href=\"https:\/\/bookfest.ro\/\"><strong>aici<\/strong>. <\/a><\/p>\n","protected":false},"excerpt":{"rendered":"<p>\u00cen perioada 1-5 iunie 2022, Editura Universit\u0103\u021bii din Bucure\u0219ti \u2013 Bucharest University Press va participa la cea de-a XV-a edi\u021bie a Salonului Interna\u021bional de Carte \u201eBookfest\u201d \u00a0expun\u00e2nd titluri din diverse domenii \u0219i av\u00e2nd planificate \u0219i c\u00e2teva lans\u0103ri ale unor volume de mare interes pentru public. Dup\u0103 o pauz\u0103 de doi ani, ca urmare a restric\u021biilor [&hellip;]<\/p>\n","protected":false},"author":1587,"featured_media":33868,"comment_status":"closed","ping_status":"closed","sticky":false,"template":"","format":"standard","meta":{"footnotes":""},"categories":[14],"tags":[3863,517,3037,518],"class_list":["post-33866","post","type-post","status-publish","format-standard","has-post-thumbnail","hentry","category-stiri-evenimente","tag-3863","tag-bookfest","tag-carvana-eub","tag-eub"],"_links":{"self":[{"href":"https:\/\/editura-unibuc.ro\/en\/wp-json\/wp\/v2\/posts\/33866","targetHints":{"allow":["GET"]}}],"collection":[{"href":"https:\/\/editura-unibuc.ro\/en\/wp-json\/wp\/v2\/posts"}],"about":[{"href":"https:\/\/editura-unibuc.ro\/en\/wp-json\/wp\/v2\/types\/post"}],"author":[{"embeddable":true,"href":"https:\/\/editura-unibuc.ro\/en\/wp-json\/wp\/v2\/users\/1587"}],"replies":[{"embeddable":true,"href":"https:\/\/editura-unibuc.ro\/en\/wp-json\/wp\/v2\/comments?post=33866"}],"version-history":[{"count":0,"href":"https:\/\/editura-unibuc.ro\/en\/wp-json\/wp\/v2\/posts\/33866\/revisions"}],"wp:featuredmedia":[{"embeddable":true,"href":"https:\/\/editura-unibuc.ro\/en\/wp-json\/wp\/v2\/media\/33868"}],"wp:attachment":[{"href":"https:\/\/editura-unibuc.ro\/en\/wp-json\/wp\/v2\/media?parent=33866"}],"wp:term":[{"taxonomy":"category","embeddable":true,"href":"https:\/\/editura-unibuc.ro\/en\/wp-json\/wp\/v2\/categories?post=33866"},{"taxonomy":"post_tag","embeddable":true,"href":"https:\/\/editura-unibuc.ro\/en\/wp-json\/wp\/v2\/tags?post=33866"}],"curies":[{"name":"wp","href":"https:\/\/api.w.org\/{rel}","templated":true}]}}