{"id":47350,"date":"2024-10-01T11:42:58","date_gmt":"2024-10-01T08:42:58","guid":{"rendered":"https:\/\/editura-unibuc.ro\/?p=47350"},"modified":"2024-10-16T13:32:21","modified_gmt":"2024-10-16T10:32:21","slug":"volumul-fabrica-de-fraze-eminescu-in-lumea-presei-semnat-ioan-milica-la-strada-de-carte","status":"publish","type":"post","link":"https:\/\/editura-unibuc.ro\/en\/volumul-fabrica-de-fraze-eminescu-in-lumea-presei-semnat-ioan-milica-la-strada-de-carte\/","title":{"rendered":"Volumul \u201eFabrica de fraze. Eminescu \u00een lumea presei\u201d, semnat Ioan Milic\u0103, la STRADA DE C&#8217;ARTE"},"content":{"rendered":"<p><img decoding=\"async\" src=\"https:\/\/editura-unibuc.ro\/wp-content\/uploads\/2024\/10\/colaj1.png\" \/><\/p>\n<p>\u00cen cadrul evenimentului cultural , organizat de Biblioteca Central\u0103 Universitar\u0103 Carol I \u0219i Funda\u021bia Universitar\u0103 Carol I, duminic\u0103, 29 septembrie, la Salonul Carol I, a avut loc lansarea volumului de eseuri semnat Ioan Milic\u0103 \u201e\ud835\uddd9\ud835\uddee\ud835\uddef\ud835\uddff\ud835\uddf6\ud835\uddf0\ud835\uddee \ud835\uddf1\ud835\uddf2 \ud835\uddf3\ud835\uddff\ud835\uddee\ud835\ude07\ud835\uddf2. \ud835\uddd8\ud835\uddfa\ud835\uddf6\ud835\uddfb\ud835\uddf2\ud835\ude00\ud835\uddf0\ud835\ude02 \ud835\uddf6\u0302\ud835\uddfb \ud835\uddf9\ud835\ude02\ud835\uddfa\ud835\uddf2\ud835\uddee \ud835\uddfd\ud835\uddff\ud835\uddf2\ud835\ude00\ud835\uddf2\ud835\uddf6\u201d, publicat la Editura Universit\u0103\u021bii din Bucure\u0219ti \u2013 Bucharest University Press.<br \/>\n\u00cen cadrul lans\u0103rii au avut interven\u021bii conf. univ. dr. Mireille R\u0103doi, directorul Bibliotecii Centrale Universitare \u201eCarol I\u201d, autorul volumului, conf. univ. dr. Ioan Milic\u0103, directorul Bibliotecii Centrale Universitare \u201eMihai Eminescu\u201d din Ia\u0219i, prof. univ. dr. Ioan Cristescu, directorul Muzeului Na\u021bional al Literaturii Rom\u00e2ne \u0219i dr. Matilda Breazu, redactor \u00een cadrul EUB-BUP.<br \/>\nColec\u021bia \u201eEseuri\u201d a Editurii Universit\u0103\u021bii din Bucure\u0219ti propune titluri aflate la intersec\u021bia dintre cercetarea \u0219tiin\u021bific\u0103 \u0219i reflec\u021bia subiectiv\u0103, precum \u0219i lucr\u0103ri interdisciplinare. Lucr\u0103rile cuprinse \u00een colec\u021bie se adreseaz\u0103 unui public mai larg, urm\u0103rind aspecte actuale \u0219i istorice legate de literatur\u0103, limb\u0103, sociologie, istorie, istorie cultural\u0103, psihologie, filosofie etc.<\/p>\n","protected":false},"excerpt":{"rendered":"<p>\u00cen cadrul evenimentului cultural , organizat de Biblioteca Central\u0103 Universitar\u0103 Carol I \u0219i Funda\u021bia Universitar\u0103 Carol I, duminic\u0103, 29 septembrie, la Salonul Carol I, a avut loc lansarea volumului de eseuri semnat Ioan Milic\u0103 \u201e\ud835\uddd9\ud835\uddee\ud835\uddef\ud835\uddff\ud835\uddf6\ud835\uddf0\ud835\uddee \ud835\uddf1\ud835\uddf2 \ud835\uddf3\ud835\uddff\ud835\uddee\ud835\ude07\ud835\uddf2. \ud835\uddd8\ud835\uddfa\ud835\uddf6\ud835\uddfb\ud835\uddf2\ud835\ude00\ud835\uddf0\ud835\ude02 \ud835\uddf6\u0302\ud835\uddfb \ud835\uddf9\ud835\ude02\ud835\uddfa\ud835\uddf2\ud835\uddee \ud835\uddfd\ud835\uddff\ud835\uddf2\ud835\ude00\ud835\uddf2\ud835\uddf6\u201d, publicat la Editura Universit\u0103\u021bii din Bucure\u0219ti \u2013 Bucharest University Press. \u00cen cadrul lans\u0103rii au [&hellip;]<\/p>\n","protected":false},"author":2010,"featured_media":47351,"comment_status":"open","ping_status":"open","sticky":false,"template":"","format":"standard","meta":{"footnotes":""},"categories":[14],"tags":[],"class_list":["post-47350","post","type-post","status-publish","format-standard","has-post-thumbnail","hentry","category-stiri-evenimente"],"_links":{"self":[{"href":"https:\/\/editura-unibuc.ro\/en\/wp-json\/wp\/v2\/posts\/47350","targetHints":{"allow":["GET"]}}],"collection":[{"href":"https:\/\/editura-unibuc.ro\/en\/wp-json\/wp\/v2\/posts"}],"about":[{"href":"https:\/\/editura-unibuc.ro\/en\/wp-json\/wp\/v2\/types\/post"}],"author":[{"embeddable":true,"href":"https:\/\/editura-unibuc.ro\/en\/wp-json\/wp\/v2\/users\/2010"}],"replies":[{"embeddable":true,"href":"https:\/\/editura-unibuc.ro\/en\/wp-json\/wp\/v2\/comments?post=47350"}],"version-history":[{"count":0,"href":"https:\/\/editura-unibuc.ro\/en\/wp-json\/wp\/v2\/posts\/47350\/revisions"}],"wp:featuredmedia":[{"embeddable":true,"href":"https:\/\/editura-unibuc.ro\/en\/wp-json\/wp\/v2\/media\/47351"}],"wp:attachment":[{"href":"https:\/\/editura-unibuc.ro\/en\/wp-json\/wp\/v2\/media?parent=47350"}],"wp:term":[{"taxonomy":"category","embeddable":true,"href":"https:\/\/editura-unibuc.ro\/en\/wp-json\/wp\/v2\/categories?post=47350"},{"taxonomy":"post_tag","embeddable":true,"href":"https:\/\/editura-unibuc.ro\/en\/wp-json\/wp\/v2\/tags?post=47350"}],"curies":[{"name":"wp","href":"https:\/\/api.w.org\/{rel}","templated":true}]}}