{"id":51764,"date":"2026-02-27T12:52:18","date_gmt":"2026-02-27T10:52:18","guid":{"rendered":"https:\/\/editura-unibuc.ro\/?p=51764"},"modified":"2026-02-27T12:52:18","modified_gmt":"2026-02-27T10:52:18","slug":"universitatea-din-bucuresti-la-targul-international-de-carte-cairo","status":"publish","type":"post","link":"https:\/\/editura-unibuc.ro\/en\/universitatea-din-bucuresti-la-targul-international-de-carte-cairo\/","title":{"rendered":"Universitatea din bucure\u0219ti la T\u00e2rgul Interna\u021bional de carte Cairo"},"content":{"rendered":"<h3>\ud835\udc14\ud835\udc27\ud835\udc22\ud835\udc2f\ud835\udc1e\ud835\udc2b\ud835\udc2c\ud835\udc22\ud835\udc2d\ud835\udc1a\ud835\udc2d\ud835\udc1e\ud835\udc1a \ud835\udc1d\ud835\udc22\ud835\udc27 \ud835\udc01\ud835\udc2e\ud835\udc1c\ud835\udc2e\ud835\udc2b\ud835\udc1e\u0219\ud835\udc2d\ud835\udc22 particip\u0103, \u00een perioada \ud835\udfd0\ud835\udfd0 \ud835\udc22\ud835\udc1a\ud835\udc27\ud835\udc2e\ud835\udc1a\ud835\udc2b\ud835\udc22\ud835\udc1e &#8211; \ud835\udfd1 \ud835\udc1f\ud835\udc1e\ud835\udc1b\ud835\udc2b\ud835\udc2e\ud835\udc1a\ud835\udc2b\ud835\udc22\ud835\udc1e \ud835\udfd0\ud835\udfce\ud835\udfd0\ud835\udfd4, la cea de-a 57-a edi\u021bie a \ud835\udc13\u00e2\ud835\udc2b\ud835\udc20\ud835\udc2e\ud835\udc25\ud835\udc2e\ud835\udc22 \ud835\udc08\ud835\udc27\ud835\udc2d\ud835\udc1e\ud835\udc2b\ud835\udc27\ud835\udc1a\u021b\ud835\udc22\ud835\udc28\ud835\udc27\ud835\udc1a\ud835\udc25 \ud835\udc1d\ud835\udc1e \ud835\udc02\ud835\udc1a\ud835\udc2b\ud835\udc2d\ud835\udc1e \ud835\udc1d\ud835\udc1e \ud835\udc25\ud835\udc1a \ud835\udc02\ud835\udc1a\ud835\udc22\ud835\udc2b\ud835\udc28, unul dintre cele mai importante evenimente editoriale din lume, unde Rom\u00e2nia este \u021bar\u0103 invitat\u0103 de onoare, marc\u00e2nd \ud835\udfcf\ud835\udfd0\ud835\udfce \ud835\udc1d\ud835\udc1e \ud835\udc1a\ud835\udc27\ud835\udc22 \ud835\udc1d\ud835\udc1e \ud835\udc2b\ud835\udc1e\ud835\udc25\ud835\udc1a\u021b\ud835\udc22\ud835\udc22 \ud835\udc1d\ud835\udc22\ud835\udc29\ud835\udc25\ud835\udc28\ud835\udc26\ud835\udc1a\ud835\udc2d\ud835\udc22\ud835\udc1c\ud835\udc1e \ud835\udc2b\ud835\udc28\ud835\udc26\u00e2\ud835\udc27\ud835\udc28-\ud835\udc1e\ud835\udc20\ud835\udc22\ud835\udc29\ud835\udc2d\ud835\udc1e\ud835\udc27\ud835\udc1e.<\/h3>\n<p><img loading=\"lazy\" decoding=\"async\" class=\"aligncenter size-large wp-image-51654\" src=\"https:\/\/editura-unibuc.ro\/wp-content\/uploads\/2026\/02\/100-800x600.jpg\" alt=\"\" width=\"800\" height=\"600\" \/><br \/>\n<img loading=\"lazy\" decoding=\"async\" class=\"aligncenter size-large wp-image-51657\" src=\"https:\/\/editura-unibuc.ro\/wp-content\/uploads\/2026\/02\/104-800x600.jpg\" alt=\"\" width=\"800\" height=\"600\" \/><br \/>\n<img loading=\"lazy\" decoding=\"async\" class=\"aligncenter size-large wp-image-51655\" src=\"https:\/\/editura-unibuc.ro\/wp-content\/uploads\/2026\/02\/101-800x600.jpg\" alt=\"\" width=\"800\" height=\"600\" \/><br \/>\n<img loading=\"lazy\" decoding=\"async\" src=\"https:\/\/editura-unibuc.ro\/wp-content\/uploads\/2026\/02\/102-600x800.jpg\" alt=\"\" width=\"600\" height=\"800\" class=\"aligncenter size-large wp-image-51656\" \/><\/p>\n<h3>La standul Rom\u00e2niei din cadrul T\u00e2rgului Interna\u021bional de Carte de la Cairo au fost expuse volume ap\u0103rute la Editura Universit\u0103\u021bii din Bucure\u0219ti, precum \u0219i traduceri \u00een limba arab\u0103 realizate de profesori de la Sec\u021bia de Arab\u0103 a Facult\u0103\u021bii de Limbi \u0219i Literaturi Str\u0103ine, eviden\u021biind contribu\u021bia Universit\u0103\u021bii din Bucure\u0219ti la dialogul cultural \u0219i academic rom\u00e2no-egiptean.<\/h3>\n","protected":false},"excerpt":{"rendered":"<p>\ud835\udc14\ud835\udc27\ud835\udc22\ud835\udc2f\ud835\udc1e\ud835\udc2b\ud835\udc2c\ud835\udc22\ud835\udc2d\ud835\udc1a\ud835\udc2d\ud835\udc1e\ud835\udc1a \ud835\udc1d\ud835\udc22\ud835\udc27 \ud835\udc01\ud835\udc2e\ud835\udc1c\ud835\udc2e\ud835\udc2b\ud835\udc1e\u0219\ud835\udc2d\ud835\udc22 particip\u0103, \u00een perioada \ud835\udfd0\ud835\udfd0 \ud835\udc22\ud835\udc1a\ud835\udc27\ud835\udc2e\ud835\udc1a\ud835\udc2b\ud835\udc22\ud835\udc1e &#8211; \ud835\udfd1 \ud835\udc1f\ud835\udc1e\ud835\udc1b\ud835\udc2b\ud835\udc2e\ud835\udc1a\ud835\udc2b\ud835\udc22\ud835\udc1e \ud835\udfd0\ud835\udfce\ud835\udfd0\ud835\udfd4, la cea de-a 57-a edi\u021bie a \ud835\udc13\u00e2\ud835\udc2b\ud835\udc20\ud835\udc2e\ud835\udc25\ud835\udc2e\ud835\udc22 \ud835\udc08\ud835\udc27\ud835\udc2d\ud835\udc1e\ud835\udc2b\ud835\udc27\ud835\udc1a\u021b\ud835\udc22\ud835\udc28\ud835\udc27\ud835\udc1a\ud835\udc25 \ud835\udc1d\ud835\udc1e \ud835\udc02\ud835\udc1a\ud835\udc2b\ud835\udc2d\ud835\udc1e \ud835\udc1d\ud835\udc1e \ud835\udc25\ud835\udc1a \ud835\udc02\ud835\udc1a\ud835\udc22\ud835\udc2b\ud835\udc28, unul dintre cele mai importante evenimente editoriale din lume, unde Rom\u00e2nia este \u021bar\u0103 invitat\u0103 de onoare, marc\u00e2nd \ud835\udfcf\ud835\udfd0\ud835\udfce \ud835\udc1d\ud835\udc1e \ud835\udc1a\ud835\udc27\ud835\udc22 \ud835\udc1d\ud835\udc1e \ud835\udc2b\ud835\udc1e\ud835\udc25\ud835\udc1a\u021b\ud835\udc22\ud835\udc22 \ud835\udc1d\ud835\udc22\ud835\udc29\ud835\udc25\ud835\udc28\ud835\udc26\ud835\udc1a\ud835\udc2d\ud835\udc22\ud835\udc1c\ud835\udc1e \ud835\udc2b\ud835\udc28\ud835\udc26\u00e2\ud835\udc27\ud835\udc28-\ud835\udc1e\ud835\udc20\ud835\udc22\ud835\udc29\ud835\udc2d\ud835\udc1e\ud835\udc27\ud835\udc1e. La standul Rom\u00e2niei din cadrul T\u00e2rgului [&hellip;]<\/p>\n","protected":false},"author":2010,"featured_media":51654,"comment_status":"open","ping_status":"open","sticky":false,"template":"","format":"standard","meta":{"footnotes":""},"categories":[14],"tags":[],"class_list":["post-51764","post","type-post","status-publish","format-standard","has-post-thumbnail","hentry","category-stiri-evenimente"],"_links":{"self":[{"href":"https:\/\/editura-unibuc.ro\/en\/wp-json\/wp\/v2\/posts\/51764","targetHints":{"allow":["GET"]}}],"collection":[{"href":"https:\/\/editura-unibuc.ro\/en\/wp-json\/wp\/v2\/posts"}],"about":[{"href":"https:\/\/editura-unibuc.ro\/en\/wp-json\/wp\/v2\/types\/post"}],"author":[{"embeddable":true,"href":"https:\/\/editura-unibuc.ro\/en\/wp-json\/wp\/v2\/users\/2010"}],"replies":[{"embeddable":true,"href":"https:\/\/editura-unibuc.ro\/en\/wp-json\/wp\/v2\/comments?post=51764"}],"version-history":[{"count":0,"href":"https:\/\/editura-unibuc.ro\/en\/wp-json\/wp\/v2\/posts\/51764\/revisions"}],"wp:featuredmedia":[{"embeddable":true,"href":"https:\/\/editura-unibuc.ro\/en\/wp-json\/wp\/v2\/media\/51654"}],"wp:attachment":[{"href":"https:\/\/editura-unibuc.ro\/en\/wp-json\/wp\/v2\/media?parent=51764"}],"wp:term":[{"taxonomy":"category","embeddable":true,"href":"https:\/\/editura-unibuc.ro\/en\/wp-json\/wp\/v2\/categories?post=51764"},{"taxonomy":"post_tag","embeddable":true,"href":"https:\/\/editura-unibuc.ro\/en\/wp-json\/wp\/v2\/tags?post=51764"}],"curies":[{"name":"wp","href":"https:\/\/api.w.org\/{rel}","templated":true}]}}