{"id":51944,"date":"2026-04-08T13:39:41","date_gmt":"2026-04-08T10:39:41","guid":{"rendered":"https:\/\/editura-unibuc.ro\/?p=51944"},"modified":"2026-04-28T11:49:49","modified_gmt":"2026-04-28T08:49:49","slug":"originea-limbajului-in-dezbatere-tripla-lansare-de-carte-eub-bup","status":"publish","type":"post","link":"https:\/\/editura-unibuc.ro\/en\/originea-limbajului-in-dezbatere-tripla-lansare-de-carte-eub-bup\/","title":{"rendered":"Originea limbajului<br\/>\u00een dezbatere: tripl\u0103 lansare de carte EUB-BUP"},"content":{"rendered":"<h3><img loading=\"lazy\" decoding=\"async\" class=\"aligncenter size-large wp-image-51763\" src=\"https:\/\/editura-unibuc.ro\/wp-content\/uploads\/2026\/03\/gafton-1-scaled.png\" alt=\"\" width=\"800\" height=\"365\" \/><\/h3>\n<h3>O dezbatere dedicat\u0103 uneia dintre cele mai provocatoare teme ale cercet\u0103rii contemporane, masa rotund\u0103 \u201e\u00centrebarea \u00abinterzis\u0103\u00bb: originea limbajului\u201d, organizat\u0103 la Facultatea de Litere, a reunit, \u00eentr-un dialog dinamic, perspective complementare. Un lingvist (Alexandru Gafton), un fizician (Virgil B\u0103ran) \u0219i un biolog (Carmen Chifiriuc, membru corespondent al Academiei Rom\u00e2ne), sub moderarea coordonatorului EUB-BUP, Alexandru Nicolae, au ini\u021biat o discu\u021bie ampl\u0103 pornind de la lansarea a trei volume recente publicate \u00een cadrul colec\u021biei \u201eStudii interdisciplinare\u201d (colec\u021bie ini\u021biat\u0103 \u00een 2024 \u0219i coordonat\u0103 de prof. dr. Marian Preda).<br \/>\nVolumele propun perspective par\u021bial divergente asupra naturii \u0219i originii limbajului, din care rezult\u0103 rolul important a interdisciplinarit\u0103\u021bii \u00een cercetarea lingvistic\u0103 actual\u0103 \u0219i \u00een umanioare \u00een general.<br \/>\n\u2022 <a href=\"https:\/\/editura-unibuc.ro\/biolingvistica-constituirea-si-functionarea-limbajului-umanpartea-i\/\">Biolingvistic\u0103. Constituirea \u0219i func\u021bionarea limbajului uman (Alexandru Gafton, 2024)<\/a><br \/>\n\u2022 <a href=\"https:\/\/editura-unibuc.ro\/fundamentele-biosociale-ale-limbii\/\">Fundamentele biosociale ale limbii (Alexandru Gafton, 2025)<\/a><br \/>\n\u2022 <a href=\"https:\/\/editura-unibuc.ro\/de-ce-doar-noi-limbaj-si-evolutie\/\">De ce doar noi? Limbaj \u0219i evolu\u021bie (Robert C. Berwick &amp; Noam Chomsky, 2026)<\/a><br \/>\nPrezentarea c\u0103r\u021bilor a fost realizat\u0103 de Cecilia-Mihaela Popescu \u0219i Alexandru Nicolae. Prin acest eveniment, Editura Universit\u0103\u021bii din Bucure\u0219ti \u2013 Bucharest University Press \u00ee\u0219i reafirm\u0103 rolul de platform\u0103 pentru circula\u021bia ideilor \u0219tiin\u021bifice relevante \u0219i pentru sus\u021binerea dialogului \u00eentre domenii, \u00eentr-un moment \u00een care studiul limbajului se redefine\u0219te la intersec\u021bia dintre filologie, biologie \u0219i \u0219tiin\u021bele cognitive.<br \/>\n***<\/h3>\n<p>Evenimentul a avut loc \u00een continuarea ceremoniei prin care Universitatea din Bucure\u0219ti i-a conferit prof. dr. Alexandru Gafton titlul de Profesor Honoris Causa.<\/p>\n<p>&nbsp;<\/p>\n","protected":false},"excerpt":{"rendered":"<p>O dezbatere dedicat\u0103 uneia dintre cele mai provocatoare teme ale cercet\u0103rii contemporane, masa rotund\u0103 \u201e\u00centrebarea \u00abinterzis\u0103\u00bb: originea limbajului\u201d, organizat\u0103 la Facultatea de Litere, a reunit, \u00eentr-un dialog dinamic, perspective complementare. Un lingvist (Alexandru Gafton), un fizician (Virgil B\u0103ran) \u0219i un biolog (Carmen Chifiriuc, membru corespondent al Academiei Rom\u00e2ne), sub moderarea coordonatorului EUB-BUP, Alexandru Nicolae, au [&hellip;]<\/p>\n","protected":false},"author":2010,"featured_media":51877,"comment_status":"open","ping_status":"open","sticky":false,"template":"","format":"standard","meta":{"footnotes":""},"categories":[14],"tags":[],"class_list":["post-51944","post","type-post","status-publish","format-standard","has-post-thumbnail","hentry","category-stiri-evenimente"],"_links":{"self":[{"href":"https:\/\/editura-unibuc.ro\/en\/wp-json\/wp\/v2\/posts\/51944","targetHints":{"allow":["GET"]}}],"collection":[{"href":"https:\/\/editura-unibuc.ro\/en\/wp-json\/wp\/v2\/posts"}],"about":[{"href":"https:\/\/editura-unibuc.ro\/en\/wp-json\/wp\/v2\/types\/post"}],"author":[{"embeddable":true,"href":"https:\/\/editura-unibuc.ro\/en\/wp-json\/wp\/v2\/users\/2010"}],"replies":[{"embeddable":true,"href":"https:\/\/editura-unibuc.ro\/en\/wp-json\/wp\/v2\/comments?post=51944"}],"version-history":[{"count":0,"href":"https:\/\/editura-unibuc.ro\/en\/wp-json\/wp\/v2\/posts\/51944\/revisions"}],"wp:featuredmedia":[{"embeddable":true,"href":"https:\/\/editura-unibuc.ro\/en\/wp-json\/wp\/v2\/media\/51877"}],"wp:attachment":[{"href":"https:\/\/editura-unibuc.ro\/en\/wp-json\/wp\/v2\/media?parent=51944"}],"wp:term":[{"taxonomy":"category","embeddable":true,"href":"https:\/\/editura-unibuc.ro\/en\/wp-json\/wp\/v2\/categories?post=51944"},{"taxonomy":"post_tag","embeddable":true,"href":"https:\/\/editura-unibuc.ro\/en\/wp-json\/wp\/v2\/tags?post=51944"}],"curies":[{"name":"wp","href":"https:\/\/api.w.org\/{rel}","templated":true}]}}