{"id":2389,"count":11,"description":"[:ro]MEMORIE \u0218I IDENTITATE \/ MEMORY &amp; IDENTITY \/ M\u00c9MOIRE ET IDENTIT\u00c9\r\nCoordonatori: conf. univ. Victor Rizescu \u0219i prof. univ. Lauren\u021biu Vlad\r\n\r\nColec\u0163ia \u00ee\u015fi propune s\u0103 reuneasc\u0103 cercet\u0103ri care analizeaz\u0103 construc\u0163ia memoriei \u015fi a identit\u0103\u0163ilor at\u00e2t din perspectiva istoriei mentalit\u0103\u0163ilor \u015fi a istoriei sociale,c\u00e2t \u015fi din cea a istoriei politice, a istoriei intelectuale sau a \u015ftiin\u0163elor politice.\r\nP\u00e2n\u0103 \u00een 2019, prezenta colec\u021bie s-a numit \"MEMORIE, IDENTITATE \u015eI MENTALIT\u0102\u0162I \/ MEMORY, IDENTITY &amp; MENTALITIES \/ M\u00c9MOIRE, IDENTIT\u00c9 ET MENTALIT\u00c9S\" \u0219i a fost coordonat\u0103 de regretatul prof. univ. Mihail Chioveanu \u0219i dl. prof. univ. Lauren\u021biu Vlad.[:en]MEMORIE \u015eI IDENTITATE \/ MEMORY &amp; IDENTITY \/ M\u00c9MOIRE ET IDENTIT\u00c9\r\nEditors: Reader\/Associate Professor Victor Rizescu and prof. Laurentiu Vlad\r\n\r\nThe collection aims to gather research that analyzes the construction of memory and identities both from the perspective of the history of mentalities and social history, as well as from the history of politics, intellectual history or political science.\r\nUntil 2019, this collection was called \"MEMORY, IDENTITY AND MENTALITIES \/ MEMORY, IDENTITY &amp; MENTALITIES \/ M\u00c9MOIRE, IDENTIT\u00c9 ET MENTALIT\u00c9S\" and was coordinated by the late prof. Mihail Chioveanu and Mr. Prof. Univ. Laurentiu Vlad.[:]","link":"https:\/\/editura-unibuc.ro\/en\/memorie-identitate\/","name":"Memory &amp; Identity","slug":"memorie-identitate","taxonomy":"product_cat","parent":1531,"meta":[],"_links":{"self":[{"href":"https:\/\/editura-unibuc.ro\/en\/wp-json\/wp\/v2\/product_cat\/2389","targetHints":{"allow":["GET"]}}],"collection":[{"href":"https:\/\/editura-unibuc.ro\/en\/wp-json\/wp\/v2\/product_cat"}],"about":[{"href":"https:\/\/editura-unibuc.ro\/en\/wp-json\/wp\/v2\/taxonomies\/product_cat"}],"up":[{"embeddable":true,"href":"https:\/\/editura-unibuc.ro\/en\/wp-json\/wp\/v2\/product_cat\/1531"}],"wp:post_type":[{"href":"https:\/\/editura-unibuc.ro\/en\/wp-json\/wp\/v2\/product?product_cat=2389"}],"curies":[{"name":"wp","href":"https:\/\/api.w.org\/{rel}","templated":true}]}}